{"id":932,"date":"2013-09-02T23:11:35","date_gmt":"2013-09-02T22:11:35","guid":{"rendered":"http:\/\/www.idilo.fr\/?p=932"},"modified":"2013-09-02T23:13:12","modified_gmt":"2013-09-02T22:13:12","slug":"les-combis-liberty","status":"publish","type":"post","link":"http:\/\/www.idilo.fr\/?p=932","title":{"rendered":"Les combis liberty"},"content":{"rendered":"<p>Ah l&rsquo;\u00e9t\u00e9 et ses combis liberty&#8230; Quelques heures avant la rentr\u00e9e, il est grand temps de vous montrer les combishorts des vacances.<\/p>\n<p><strong><em>Mod\u00e8le F des <a href=\"http:\/\/www.amazon.fr\/gp\/product\/2756506826\/ref=as_li_ss_tl?ie=UTF8&amp;camp=1642&amp;creative=19458&amp;creativeASIN=2756506826&amp;linkCode=as2&amp;tag=lelivrede-21\">Petites filles mod\u00e8les<\/a><img loading=\"lazy\" style=\"border: none !important; margin: 0px !important;\" alt=\"\" src=\"http:\/\/ir-fr.amazon-adsystem.com\/e\/ir?t=lelivrede-21&amp;l=as2&amp;o=8&amp;a=2756506826\" width=\"1\" height=\"1\" border=\"0\" \/><\/em><\/strong><br \/>\n<strong><em> Taille 120<\/em><\/strong><\/p>\n<figure id=\"attachment_908\" aria-describedby=\"caption-attachment-908\" style=\"width: 350px\" class=\"wp-caption alignnone\"><a href=\"http:\/\/www.idilo.fr\/wp-content\/uploads\/2013\/07\/combi-rose.jpg\"><img loading=\"lazy\" class=\" wp-image-908\" title=\"Combishort Liberty Petites filles mod\u00e8les\" alt=\"combi-rose\" src=\"http:\/\/www.idilo.fr\/wp-content\/uploads\/2013\/07\/combi-rose-683x1024.jpg\" width=\"350\" height=\"525\" srcset=\"http:\/\/www.idilo.fr\/wp-content\/uploads\/2013\/07\/combi-rose-683x1024.jpg 683w, http:\/\/www.idilo.fr\/wp-content\/uploads\/2013\/07\/combi-rose-200x300.jpg 200w, http:\/\/www.idilo.fr\/wp-content\/uploads\/2013\/07\/combi-rose.jpg 874w\" sizes=\"(max-width: 350px) 100vw, 350px\" \/><\/a><figcaption id=\"caption-attachment-908\" class=\"wp-caption-text\">En Poppy and Daisy violet pour Mathilde<\/figcaption><\/figure>\n<p><a href=\"http:\/\/www.idilo.fr\/wp-content\/uploads\/2013\/09\/combi-liberty-small.jpg\"><img loading=\"lazy\" class=\"alignnone  wp-image-943\" alt=\"combi-liberty-small\" src=\"http:\/\/www.idilo.fr\/wp-content\/uploads\/2013\/09\/combi-liberty-small-1024x682.jpg\" width=\"350\" height=\"233\" srcset=\"http:\/\/www.idilo.fr\/wp-content\/uploads\/2013\/09\/combi-liberty-small-1024x682.jpg 1024w, http:\/\/www.idilo.fr\/wp-content\/uploads\/2013\/09\/combi-liberty-small-300x199.jpg 300w, http:\/\/www.idilo.fr\/wp-content\/uploads\/2013\/09\/combi-liberty-small-450x300.jpg 450w, http:\/\/www.idilo.fr\/wp-content\/uploads\/2013\/09\/combi-liberty-small.jpg 1280w\" sizes=\"(max-width: 350px) 100vw, 350px\" \/><\/a><\/p>\n<figure id=\"attachment_944\" aria-describedby=\"caption-attachment-944\" style=\"width: 350px\" class=\"wp-caption alignnone\"><a href=\"http:\/\/www.idilo.fr\/wp-content\/uploads\/2013\/09\/moto-en-liberty-small.jpg\"><img loading=\"lazy\" class=\" wp-image-944\" title=\"Combishort Liberty Mitsy\" alt=\"moto-en-liberty-small\" src=\"http:\/\/www.idilo.fr\/wp-content\/uploads\/2013\/09\/moto-en-liberty-small-806x1024.jpg\" width=\"350\" height=\"445\" srcset=\"http:\/\/www.idilo.fr\/wp-content\/uploads\/2013\/09\/moto-en-liberty-small-806x1024.jpg 806w, http:\/\/www.idilo.fr\/wp-content\/uploads\/2013\/09\/moto-en-liberty-small-236x300.jpg 236w, http:\/\/www.idilo.fr\/wp-content\/uploads\/2013\/09\/moto-en-liberty-small.jpg 1008w\" sizes=\"(max-width: 350px) 100vw, 350px\" \/><\/a><figcaption id=\"caption-attachment-944\" class=\"wp-caption-text\">Liv avait d\u00e9j\u00e0 la sienne en Mitsy vert<\/figcaption><\/figure>\n<p>Et pour souhaiter la bienvenue \u00e0 une petite Stella, une troisi\u00e8me en bleu. Je refais rarement un mod\u00e8le mais voici l&rsquo;exception !<\/p>\n<p><em><strong>Mod\u00e8le F des <a href=\"http:\/\/www.amazon.fr\/gp\/product\/2756506826\/ref=as_li_ss_tl?ie=UTF8&amp;camp=1642&amp;creative=19458&amp;creativeASIN=2756506826&amp;linkCode=as2&amp;tag=lelivrede-21\">Petites filles mod\u00e8les<\/a><\/strong><\/em><br \/>\n<em><strong> Taille 90<\/strong><\/em><br \/>\n<a href=\"http:\/\/www.idilo.fr\/wp-content\/uploads\/2013\/07\/Img_0826.jpg\"><img loading=\"lazy\" alt=\"Combi liberty\" src=\"http:\/\/www.idilo.fr\/wp-content\/uploads\/2013\/07\/Img_0826-683x1024.jpg\" width=\"350\" height=\"525\" \/><\/a><\/p>\n","protected":false},"excerpt":{"rendered":"<p>Ah l&rsquo;\u00e9t\u00e9 et ses combis liberty&#8230; Quelques heures avant la rentr\u00e9e, il est grand temps de vous montrer les combishorts des vacances. Mod\u00e8le F des Petites filles mod\u00e8les Taille 120 Et pour souhaiter la bienvenue \u00e0 une petite Stella, une troisi\u00e8me en bleu. Je refais rarement un mod\u00e8le mais voici l&rsquo;exception ! Mod\u00e8le F des &hellip;<\/p>\n<p class=\"read-more\"> <a class=\"\" href=\"http:\/\/www.idilo.fr\/?p=932\"> <span class=\"screen-reader-text\">Les combis liberty<\/span> Lire la suite\u00a0\u00bb<\/a><\/p>\n","protected":false},"author":1,"featured_media":0,"comment_status":"open","ping_status":"open","sticky":false,"template":"","format":"standard","meta":[],"categories":[25],"tags":[],"aioseo_notices":[],"_links":{"self":[{"href":"http:\/\/www.idilo.fr\/index.php?rest_route=\/wp\/v2\/posts\/932"}],"collection":[{"href":"http:\/\/www.idilo.fr\/index.php?rest_route=\/wp\/v2\/posts"}],"about":[{"href":"http:\/\/www.idilo.fr\/index.php?rest_route=\/wp\/v2\/types\/post"}],"author":[{"embeddable":true,"href":"http:\/\/www.idilo.fr\/index.php?rest_route=\/wp\/v2\/users\/1"}],"replies":[{"embeddable":true,"href":"http:\/\/www.idilo.fr\/index.php?rest_route=%2Fwp%2Fv2%2Fcomments&post=932"}],"version-history":[{"count":25,"href":"http:\/\/www.idilo.fr\/index.php?rest_route=\/wp\/v2\/posts\/932\/revisions"}],"predecessor-version":[{"id":964,"href":"http:\/\/www.idilo.fr\/index.php?rest_route=\/wp\/v2\/posts\/932\/revisions\/964"}],"wp:attachment":[{"href":"http:\/\/www.idilo.fr\/index.php?rest_route=%2Fwp%2Fv2%2Fmedia&parent=932"}],"wp:term":[{"taxonomy":"category","embeddable":true,"href":"http:\/\/www.idilo.fr\/index.php?rest_route=%2Fwp%2Fv2%2Fcategories&post=932"},{"taxonomy":"post_tag","embeddable":true,"href":"http:\/\/www.idilo.fr\/index.php?rest_route=%2Fwp%2Fv2%2Ftags&post=932"}],"curies":[{"name":"wp","href":"https:\/\/api.w.org\/{rel}","templated":true}]}}