{"id":894,"date":"2013-07-20T01:29:23","date_gmt":"2013-07-20T00:29:23","guid":{"rendered":"http:\/\/www.idilo.fr\/?p=894"},"modified":"2013-07-20T01:29:23","modified_gmt":"2013-07-20T00:29:23","slug":"le-top-de-lete","status":"publish","type":"post","link":"http:\/\/www.idilo.fr\/?p=894","title":{"rendered":"Le top de l&rsquo;\u00e9t\u00e9"},"content":{"rendered":"<p>Juste avant de boucler les valises, le top de l&rsquo;\u00e9t\u00e9 pour le <a title=\"Chut Charlotte\" href=\"http:\/\/chutcharlotte.canalblog.com\/\" target=\"_blank\">d\u00e9fi de Charlotte<\/a>.<\/p>\n<p><em><strong>Top Burda 5\/2013<\/strong><\/em><br \/>\n<em><strong> Taille 40 raccourcie<\/strong><\/em><\/p>\n<figure id=\"attachment_895\" aria-describedby=\"caption-attachment-895\" style=\"width: 350px\" class=\"wp-caption alignnone\"><a href=\"http:\/\/www.idilo.fr\/wp-content\/uploads\/2013\/07\/IMG_0913-small.jpg\"><img loading=\"lazy\" class=\" wp-image-895 \" alt=\"Top jersey noir Burda 5\/2013\" src=\"http:\/\/www.idilo.fr\/wp-content\/uploads\/2013\/07\/IMG_0913-small-682x1024.jpg\" width=\"350\" height=\"526\" srcset=\"http:\/\/www.idilo.fr\/wp-content\/uploads\/2013\/07\/IMG_0913-small-682x1024.jpg 682w, http:\/\/www.idilo.fr\/wp-content\/uploads\/2013\/07\/IMG_0913-small-199x300.jpg 199w, http:\/\/www.idilo.fr\/wp-content\/uploads\/2013\/07\/IMG_0913-small.jpg 853w\" sizes=\"(max-width: 350px) 100vw, 350px\" \/><\/a><figcaption id=\"caption-attachment-895\" class=\"wp-caption-text\">jersey noir du march\u00e9 Saint Michel \u00e0 Bordeaux<\/figcaption><\/figure>\n<p>Un d\u00e9bardeur fronc\u00e9. Avec une fente au milieu qui va dispara\u00eetre, ce n&rsquo;est pas tr\u00e8s adapt\u00e9 je trouve.<\/p>\n<p>Et pour aller avec, une mini-jupe Burda en Liberty.<\/p>\n<p><em><strong>Mini-jupe Burda 7\/2013<\/strong><\/em><br \/>\n<em><strong> Taille 42<\/strong><\/em><\/p>\n<p><a href=\"http:\/\/www.idilo.fr\/wp-content\/uploads\/2013\/07\/IMG_0905-small1.jpg\"><img loading=\"lazy\" alt=\"IMG_0905-small\" src=\"http:\/\/www.idilo.fr\/wp-content\/uploads\/2013\/07\/IMG_0905-small1-739x1024.jpg\" width=\"350\" height=\"485\" \/><\/a><\/p>\n<p>Tenue de vacances id\u00e9ale !<\/p>\n","protected":false},"excerpt":{"rendered":"<p>Juste avant de boucler les valises, le top de l&rsquo;\u00e9t\u00e9 pour le d\u00e9fi de Charlotte. Top Burda 5\/2013 Taille 40 raccourcie Un d\u00e9bardeur fronc\u00e9. Avec une fente au milieu qui va dispara\u00eetre, ce n&rsquo;est pas tr\u00e8s adapt\u00e9 je trouve. Et pour aller avec, une mini-jupe Burda en Liberty. Mini-jupe Burda 7\/2013 Taille 42 Tenue de &hellip;<\/p>\n<p class=\"read-more\"> <a class=\"\" href=\"http:\/\/www.idilo.fr\/?p=894\"> <span class=\"screen-reader-text\">Le top de l&rsquo;\u00e9t\u00e9<\/span> Lire la suite\u00a0\u00bb<\/a><\/p>\n","protected":false},"author":1,"featured_media":0,"comment_status":"open","ping_status":"open","sticky":false,"template":"","format":"standard","meta":[],"categories":[56],"tags":[],"aioseo_notices":[],"_links":{"self":[{"href":"http:\/\/www.idilo.fr\/index.php?rest_route=\/wp\/v2\/posts\/894"}],"collection":[{"href":"http:\/\/www.idilo.fr\/index.php?rest_route=\/wp\/v2\/posts"}],"about":[{"href":"http:\/\/www.idilo.fr\/index.php?rest_route=\/wp\/v2\/types\/post"}],"author":[{"embeddable":true,"href":"http:\/\/www.idilo.fr\/index.php?rest_route=\/wp\/v2\/users\/1"}],"replies":[{"embeddable":true,"href":"http:\/\/www.idilo.fr\/index.php?rest_route=%2Fwp%2Fv2%2Fcomments&post=894"}],"version-history":[{"count":8,"href":"http:\/\/www.idilo.fr\/index.php?rest_route=\/wp\/v2\/posts\/894\/revisions"}],"predecessor-version":[{"id":905,"href":"http:\/\/www.idilo.fr\/index.php?rest_route=\/wp\/v2\/posts\/894\/revisions\/905"}],"wp:attachment":[{"href":"http:\/\/www.idilo.fr\/index.php?rest_route=%2Fwp%2Fv2%2Fmedia&parent=894"}],"wp:term":[{"taxonomy":"category","embeddable":true,"href":"http:\/\/www.idilo.fr\/index.php?rest_route=%2Fwp%2Fv2%2Fcategories&post=894"},{"taxonomy":"post_tag","embeddable":true,"href":"http:\/\/www.idilo.fr\/index.php?rest_route=%2Fwp%2Fv2%2Ftags&post=894"}],"curies":[{"name":"wp","href":"https:\/\/api.w.org\/{rel}","templated":true}]}}