{"id":846,"date":"2013-06-27T21:44:49","date_gmt":"2013-06-27T20:44:49","guid":{"rendered":"http:\/\/www.idilo.fr\/?p=846"},"modified":"2013-06-28T14:08:50","modified_gmt":"2013-06-28T13:08:50","slug":"sous-le-soleil","status":"publish","type":"post","link":"http:\/\/www.idilo.fr\/?p=846","title":{"rendered":"Sous le soleil !!!"},"content":{"rendered":"<p>Ah, les voici les petites tenues l\u00e9g\u00e8res, les couleurs qui flashent, les \u00e9paules d\u00e9nud\u00e9es, les gambettes \u00e0 l&rsquo;air, les maillots riquiqui ! Voici&#8230; le soleil ! Vous avez remarqu\u00e9 toute cette d\u00e9ferlante de tenues d&rsquo;\u00e9t\u00e9 aujourd&rsquo;hui ? Et gr\u00e2ce \u00e0 qui ? Non non, pas gr\u00e2ce au ciel bleu mais bien \u00e0 toutes les couturi\u00e8res de l&rsquo;Internet r\u00e9unies aujourd&rsquo;hui pour le d\u00e9fi <a title=\"Sous le Soleil des Piqueuses de Jases\" href=\"http:\/\/piqueusesdejases.canalblog.com\/archives\/5__sous_le_soleil\/index.html\" target=\"_blank\"> Sous le soleil ! des Piqueuses de Jases<\/a> !<\/p>\n<p>Alors pour l&rsquo;occasion, j&rsquo;ai sorti le jersey flashy, le dos nu et les froufrous discrets. Et le patron Burda qui ressemble pile poil \u00e0 ce que j&rsquo;avais d\u00fb <a title=\"Pinterest\" href=\"http:\/\/pinterest.com\/lelivrede\/inspiration-enfant\/\" target=\"_blank\">\u00e9pingler<\/a> 28 fois depuis l&rsquo;hiver.<br \/>\n<em><br \/>\n<strong>Burda mai 2013<br \/>\nCombinaison fillette 143<br \/>\nTaille 120 pour ses 5 ans 1\/2<\/strong><\/em><\/p>\n<figure id=\"attachment_868\" aria-describedby=\"caption-attachment-868\" style=\"width: 350px\" class=\"wp-caption alignnone\"><a href=\"http:\/\/www.idilo.fr\/wp-content\/uploads\/2013\/06\/IMG_0682-small.jpg\"><img loading=\"lazy\" class=\" wp-image-868 \" title=\"Combinaison fillette 143 Burda mai 2013\" alt=\"Burda mai 2013\" src=\"http:\/\/www.idilo.fr\/wp-content\/uploads\/2013\/06\/IMG_0682-small-687x1024.jpg\" width=\"350\" height=\"522\" srcset=\"http:\/\/www.idilo.fr\/wp-content\/uploads\/2013\/06\/IMG_0682-small-687x1024.jpg 687w, http:\/\/www.idilo.fr\/wp-content\/uploads\/2013\/06\/IMG_0682-small-201x300.jpg 201w, http:\/\/www.idilo.fr\/wp-content\/uploads\/2013\/06\/IMG_0682-small.jpg 859w\" sizes=\"(max-width: 350px) 100vw, 350px\" \/><\/a><figcaption id=\"caption-attachment-868\" class=\"wp-caption-text\">Jersey (viscose ?) corail tout doux du march\u00e9 St Michel \u00e0 Bordeaux<\/figcaption><\/figure>\n<figure id=\"attachment_872\" aria-describedby=\"caption-attachment-872\" style=\"width: 584px\" class=\"wp-caption alignnone\"><a href=\"http:\/\/www.idilo.fr\/wp-content\/uploads\/2013\/06\/sarouel-dos-nus.jpg\"><img loading=\"lazy\" class=\" wp-image-872\" alt=\"Combi pantalon sarouel et dos nu\" src=\"http:\/\/www.idilo.fr\/wp-content\/uploads\/2013\/06\/sarouel-dos-nus-1024x782.jpg\" width=\"584\" height=\"445\" srcset=\"http:\/\/www.idilo.fr\/wp-content\/uploads\/2013\/06\/sarouel-dos-nus-1024x782.jpg 1024w, http:\/\/www.idilo.fr\/wp-content\/uploads\/2013\/06\/sarouel-dos-nus-300x229.jpg 300w, http:\/\/www.idilo.fr\/wp-content\/uploads\/2013\/06\/sarouel-dos-nus-392x300.jpg 392w, http:\/\/www.idilo.fr\/wp-content\/uploads\/2013\/06\/sarouel-dos-nus.jpg 1676w\" sizes=\"(max-width: 584px) 100vw, 584px\" \/><\/a><figcaption id=\"caption-attachment-872\" class=\"wp-caption-text\">Le dos nu qui tient bien mieux crois\u00e9 ainsi<\/figcaption><\/figure>\n<p>&nbsp;<\/p>\n<figure id=\"attachment_875\" aria-describedby=\"caption-attachment-875\" style=\"width: 584px\" class=\"wp-caption alignnone\"><a href=\"http:\/\/www.idilo.fr\/wp-content\/uploads\/2013\/06\/IMG_0713-small.jpg\"><img loading=\"lazy\" class=\"size-large wp-image-875\" alt=\"Froufrou en Traphilo\" src=\"http:\/\/www.idilo.fr\/wp-content\/uploads\/2013\/06\/IMG_0713-small-1024x682.jpg\" width=\"584\" height=\"388\" srcset=\"http:\/\/www.idilo.fr\/wp-content\/uploads\/2013\/06\/IMG_0713-small-1024x682.jpg 1024w, http:\/\/www.idilo.fr\/wp-content\/uploads\/2013\/06\/IMG_0713-small-300x199.jpg 300w, http:\/\/www.idilo.fr\/wp-content\/uploads\/2013\/06\/IMG_0713-small-450x300.jpg 450w, http:\/\/www.idilo.fr\/wp-content\/uploads\/2013\/06\/IMG_0713-small.jpg 1280w\" sizes=\"(max-width: 584px) 100vw, 584px\" \/><\/a><figcaption id=\"caption-attachment-875\" class=\"wp-caption-text\">Liens et froufrous en traphilo Jaune Safran from <a title=\"Sew &amp; Laine\" href=\"http:\/\/www.sewetlaine.com\/\" target=\"_blank\">Sew &amp; Laine<\/a><\/figcaption><\/figure>\n<figure id=\"attachment_874\" aria-describedby=\"caption-attachment-874\" style=\"width: 350px\" class=\"wp-caption alignnone\"><a href=\"http:\/\/www.idilo.fr\/wp-content\/uploads\/2013\/06\/IMG_0708-small.jpg\"><img loading=\"lazy\" class=\" wp-image-874\" title=\"Dos nageur\" alt=\"Dos nageur\" src=\"http:\/\/www.idilo.fr\/wp-content\/uploads\/2013\/06\/IMG_0708-small-682x1024.jpg\" width=\"350\" height=\"526\" srcset=\"http:\/\/www.idilo.fr\/wp-content\/uploads\/2013\/06\/IMG_0708-small-682x1024.jpg 682w, http:\/\/www.idilo.fr\/wp-content\/uploads\/2013\/06\/IMG_0708-small-199x300.jpg 199w, http:\/\/www.idilo.fr\/wp-content\/uploads\/2013\/06\/IMG_0708-small.jpg 853w\" sizes=\"(max-width: 350px) 100vw, 350px\" \/><\/a><figcaption id=\"caption-attachment-874\" class=\"wp-caption-text\">Je vous souhaite un bel \u00e9t\u00e9 sous le soleil !<\/figcaption><\/figure>\n<p>&nbsp;<\/p>\n","protected":false},"excerpt":{"rendered":"<p>Ah, les voici les petites tenues l\u00e9g\u00e8res, les couleurs qui flashent, les \u00e9paules d\u00e9nud\u00e9es, les gambettes \u00e0 l&rsquo;air, les maillots riquiqui ! Voici&#8230; le soleil ! Vous avez remarqu\u00e9 toute cette d\u00e9ferlante de tenues d&rsquo;\u00e9t\u00e9 aujourd&rsquo;hui ? Et gr\u00e2ce \u00e0 qui ? Non non, pas gr\u00e2ce au ciel bleu mais bien \u00e0 toutes les couturi\u00e8res &hellip;<\/p>\n<p class=\"read-more\"> <a class=\"\" href=\"http:\/\/www.idilo.fr\/?p=846\"> <span class=\"screen-reader-text\">Sous le soleil !!!<\/span> Lire la suite\u00a0\u00bb<\/a><\/p>\n","protected":false},"author":1,"featured_media":0,"comment_status":"open","ping_status":"open","sticky":false,"template":"","format":"standard","meta":[],"categories":[25],"tags":[],"aioseo_notices":[],"_links":{"self":[{"href":"http:\/\/www.idilo.fr\/index.php?rest_route=\/wp\/v2\/posts\/846"}],"collection":[{"href":"http:\/\/www.idilo.fr\/index.php?rest_route=\/wp\/v2\/posts"}],"about":[{"href":"http:\/\/www.idilo.fr\/index.php?rest_route=\/wp\/v2\/types\/post"}],"author":[{"embeddable":true,"href":"http:\/\/www.idilo.fr\/index.php?rest_route=\/wp\/v2\/users\/1"}],"replies":[{"embeddable":true,"href":"http:\/\/www.idilo.fr\/index.php?rest_route=%2Fwp%2Fv2%2Fcomments&post=846"}],"version-history":[{"count":40,"href":"http:\/\/www.idilo.fr\/index.php?rest_route=\/wp\/v2\/posts\/846\/revisions"}],"predecessor-version":[{"id":891,"href":"http:\/\/www.idilo.fr\/index.php?rest_route=\/wp\/v2\/posts\/846\/revisions\/891"}],"wp:attachment":[{"href":"http:\/\/www.idilo.fr\/index.php?rest_route=%2Fwp%2Fv2%2Fmedia&parent=846"}],"wp:term":[{"taxonomy":"category","embeddable":true,"href":"http:\/\/www.idilo.fr\/index.php?rest_route=%2Fwp%2Fv2%2Fcategories&post=846"},{"taxonomy":"post_tag","embeddable":true,"href":"http:\/\/www.idilo.fr\/index.php?rest_route=%2Fwp%2Fv2%2Ftags&post=846"}],"curies":[{"name":"wp","href":"https:\/\/api.w.org\/{rel}","templated":true}]}}