{"id":452,"date":"2013-04-25T12:45:36","date_gmt":"2013-04-25T11:45:36","guid":{"rendered":"http:\/\/www.idilo.fr\/?p=452"},"modified":"2013-04-25T12:45:36","modified_gmt":"2013-04-25T11:45:36","slug":"deguisement-de-cheval","status":"publish","type":"post","link":"http:\/\/www.idilo.fr\/?p=452","title":{"rendered":"D\u00e9guisement de cheval"},"content":{"rendered":"<p>Cette ann\u00e9e, le th\u00e8me du carnaval \u00e9tait le moyen-\u00e2ge. D\u00e9fil\u00e9 de jolies demoiselles en robes somptueuses assur\u00e9. Mais ma petite princesse a bien compris que sa m\u00e8re avait envie de lui coudre un truc pour le carnaval. Et elle m&rsquo;a demand\u00e9&#8230; un d\u00e9guisement de cheval ! Blanc avec une crini\u00e8re rose.<\/p>\n<p>Donc c&rsquo;est parti pour un gros remue-m\u00e9ninges, Pinterest et Cie. Je suis partie sur la base d&rsquo;une combinaison Ottobre 4\/2012 dans une polaire \u00e9crue Toto.<\/p>\n<figure id=\"attachment_458\" aria-describedby=\"caption-attachment-458\" style=\"width: 350px\" class=\"wp-caption alignnone\"><a href=\"http:\/\/www.idilo.fr\/wp-content\/uploads\/2013\/03\/IMG_9537.rework.jpg\"><img loading=\"lazy\" class=\" wp-image-458 \" alt=\"d\u00e9guisement cheval\" src=\"http:\/\/www.idilo.fr\/wp-content\/uploads\/2013\/03\/IMG_9537.rework-682x1024.jpg\" width=\"350\" height=\"526\" srcset=\"http:\/\/www.idilo.fr\/wp-content\/uploads\/2013\/03\/IMG_9537.rework-682x1024.jpg 682w, http:\/\/www.idilo.fr\/wp-content\/uploads\/2013\/03\/IMG_9537.rework-200x300.jpg 200w, http:\/\/www.idilo.fr\/wp-content\/uploads\/2013\/03\/IMG_9537.rework.jpg 728w\" sizes=\"(max-width: 350px) 100vw, 350px\" \/><\/a><figcaption id=\"caption-attachment-458\" class=\"wp-caption-text\">d\u00e9guisement cheval<\/figcaption><\/figure>\n<p>Pressions kam pour fermer la combinaison et pour les narines. Oreilles et crini\u00e8re en minky rose.<\/p>\n<p>La capuche provient du mod\u00e8le Bat Boy Ottobre 3\/2012. Sa d\u00e9coupe en trois parties permet d\u2019ins\u00e9rer la crini\u00e8re, les oreilles et la t\u00eate.<\/p>\n<p><a href=\"http:\/\/www.idilo.fr\/wp-content\/uploads\/2013\/03\/cheval-profil.jpg\"><img loading=\"lazy\" class=\"alignnone  wp-image-474\" alt=\"costume de cheval, profil\" src=\"http:\/\/www.idilo.fr\/wp-content\/uploads\/2013\/03\/cheval-profil-682x1024.jpg\" width=\"350\" height=\"526\" srcset=\"http:\/\/www.idilo.fr\/wp-content\/uploads\/2013\/03\/cheval-profil-682x1024.jpg 682w, http:\/\/www.idilo.fr\/wp-content\/uploads\/2013\/03\/cheval-profil-200x300.jpg 200w, http:\/\/www.idilo.fr\/wp-content\/uploads\/2013\/03\/cheval-profil.jpg 728w\" sizes=\"(max-width: 350px) 100vw, 350px\" \/><\/a><\/p>\n<p>La t\u00eate est cousue \u00e0 part et fix\u00e9e \u00e0 la capuche par la couture centrale. Elle est pos\u00e9e sur le haut de la capuche et rembourr\u00e9e avec des chutes de polaire. J&rsquo;ai pu constater que ma machine cousait bien les \u00e9paisseurs.<\/p>\n<p><a href=\"http:\/\/www.idilo.fr\/wp-content\/uploads\/2013\/03\/IMG_9536.rework.jpg\"><img loading=\"lazy\" class=\"alignnone  wp-image-461\" alt=\"t\u00eate cheval d\u00e9guisement\" src=\"http:\/\/www.idilo.fr\/wp-content\/uploads\/2013\/03\/IMG_9536.rework-682x1024.jpg\" width=\"350\" height=\"526\" srcset=\"http:\/\/www.idilo.fr\/wp-content\/uploads\/2013\/03\/IMG_9536.rework-682x1024.jpg 682w, http:\/\/www.idilo.fr\/wp-content\/uploads\/2013\/03\/IMG_9536.rework-200x300.jpg 200w, http:\/\/www.idilo.fr\/wp-content\/uploads\/2013\/03\/IMG_9536.rework.jpg 728w\" sizes=\"(max-width: 350px) 100vw, 350px\" \/><\/a><\/p>\n<p>&nbsp;<\/p>\n<p><a href=\"http:\/\/www.idilo.fr\/wp-content\/uploads\/2013\/03\/deguisement-cheval.jpg\"><img loading=\"lazy\" class=\"alignnone  wp-image-468\" alt=\"se d\u00e9guiser en cheval\" src=\"http:\/\/www.idilo.fr\/wp-content\/uploads\/2013\/03\/deguisement-cheval-682x1024.jpg\" width=\"350\" height=\"526\" srcset=\"http:\/\/www.idilo.fr\/wp-content\/uploads\/2013\/03\/deguisement-cheval-682x1024.jpg 682w, http:\/\/www.idilo.fr\/wp-content\/uploads\/2013\/03\/deguisement-cheval-200x300.jpg 200w, http:\/\/www.idilo.fr\/wp-content\/uploads\/2013\/03\/deguisement-cheval.jpg 728w\" sizes=\"(max-width: 350px) 100vw, 350px\" \/><\/a><\/p>\n<p>Petite sangle en cuir et clochettes pour faire plus cheval.<\/p>\n<p><a href=\"http:\/\/www.idilo.fr\/wp-content\/uploads\/2013\/03\/cheval-dos.jpg\"><img loading=\"lazy\" class=\"alignnone  wp-image-470\" title=\"d\u00e9guisement cheval de dos\" alt=\"d\u00e9guisement cheval de dos\" src=\"http:\/\/www.idilo.fr\/wp-content\/uploads\/2013\/03\/cheval-dos-682x1024.jpg\" width=\"350\" height=\"526\" srcset=\"http:\/\/www.idilo.fr\/wp-content\/uploads\/2013\/03\/cheval-dos-682x1024.jpg 682w, http:\/\/www.idilo.fr\/wp-content\/uploads\/2013\/03\/cheval-dos-200x300.jpg 200w\" sizes=\"(max-width: 350px) 100vw, 350px\" \/><\/a><\/p>\n<p>La queue en polaire est fix\u00e9e sur la couture du milieu du dos, frang\u00e9e apr\u00e8s la couture.<\/p>\n<p><a href=\"http:\/\/www.idilo.fr\/wp-content\/uploads\/2013\/03\/costume-cheval.jpg\"><img loading=\"lazy\" class=\"alignnone size-large wp-image-464\" alt=\"costume cheval\" src=\"http:\/\/www.idilo.fr\/wp-content\/uploads\/2013\/03\/costume-cheval-1024x682.jpg\" width=\"584\" height=\"388\" srcset=\"http:\/\/www.idilo.fr\/wp-content\/uploads\/2013\/03\/costume-cheval-1024x682.jpg 1024w, http:\/\/www.idilo.fr\/wp-content\/uploads\/2013\/03\/costume-cheval-300x200.jpg 300w, http:\/\/www.idilo.fr\/wp-content\/uploads\/2013\/03\/costume-cheval-450x300.jpg 450w, http:\/\/www.idilo.fr\/wp-content\/uploads\/2013\/03\/costume-cheval.jpg 1092w\" sizes=\"(max-width: 584px) 100vw, 584px\" \/><\/a><\/p>\n<p>Manches et sabots noirs.<\/p>\n<p>Et voici notre petite jument au milieu des chevaliers et princesses !<\/p>\n<p><a href=\"http:\/\/www.idilo.fr\/wp-content\/uploads\/2013\/03\/carnaval.jpg\"><img loading=\"lazy\" class=\"alignnone size-large wp-image-466\" alt=\"carnaval\" src=\"http:\/\/www.idilo.fr\/wp-content\/uploads\/2013\/03\/carnaval-1024x682.jpg\" width=\"584\" height=\"388\" srcset=\"http:\/\/www.idilo.fr\/wp-content\/uploads\/2013\/03\/carnaval-1024x682.jpg 1024w, http:\/\/www.idilo.fr\/wp-content\/uploads\/2013\/03\/carnaval-300x200.jpg 300w, http:\/\/www.idilo.fr\/wp-content\/uploads\/2013\/03\/carnaval-450x300.jpg 450w, http:\/\/www.idilo.fr\/wp-content\/uploads\/2013\/03\/carnaval.jpg 1092w\" sizes=\"(max-width: 584px) 100vw, 584px\" \/><\/a><\/p>\n<p>Et pour avoir une id\u00e9e du patron (maison) de la t\u00eate de cheval, en voici une photo <a href=\"http:\/\/www.idilo.fr\/wp-content\/uploads\/2013\/04\/patron-cheval.jpg\">ici<\/a>.<\/p>\n","protected":false},"excerpt":{"rendered":"<p>Cette ann\u00e9e, le th\u00e8me du carnaval \u00e9tait le moyen-\u00e2ge. D\u00e9fil\u00e9 de jolies demoiselles en robes somptueuses assur\u00e9. Mais ma petite princesse a bien compris que sa m\u00e8re avait envie de lui coudre un truc pour le carnaval. Et elle m&rsquo;a demand\u00e9&#8230; un d\u00e9guisement de cheval ! Blanc avec une crini\u00e8re rose. Donc c&rsquo;est parti pour &hellip;<\/p>\n<p class=\"read-more\"> <a class=\"\" href=\"http:\/\/www.idilo.fr\/?p=452\"> <span class=\"screen-reader-text\">D\u00e9guisement de cheval<\/span> Lire la suite\u00a0\u00bb<\/a><\/p>\n","protected":false},"author":1,"featured_media":0,"comment_status":"open","ping_status":"open","sticky":false,"template":"","format":"standard","meta":[],"categories":[75],"tags":[],"aioseo_notices":[],"_links":{"self":[{"href":"http:\/\/www.idilo.fr\/index.php?rest_route=\/wp\/v2\/posts\/452"}],"collection":[{"href":"http:\/\/www.idilo.fr\/index.php?rest_route=\/wp\/v2\/posts"}],"about":[{"href":"http:\/\/www.idilo.fr\/index.php?rest_route=\/wp\/v2\/types\/post"}],"author":[{"embeddable":true,"href":"http:\/\/www.idilo.fr\/index.php?rest_route=\/wp\/v2\/users\/1"}],"replies":[{"embeddable":true,"href":"http:\/\/www.idilo.fr\/index.php?rest_route=%2Fwp%2Fv2%2Fcomments&post=452"}],"version-history":[{"count":29,"href":"http:\/\/www.idilo.fr\/index.php?rest_route=\/wp\/v2\/posts\/452\/revisions"}],"predecessor-version":[{"id":683,"href":"http:\/\/www.idilo.fr\/index.php?rest_route=\/wp\/v2\/posts\/452\/revisions\/683"}],"wp:attachment":[{"href":"http:\/\/www.idilo.fr\/index.php?rest_route=%2Fwp%2Fv2%2Fmedia&parent=452"}],"wp:term":[{"taxonomy":"category","embeddable":true,"href":"http:\/\/www.idilo.fr\/index.php?rest_route=%2Fwp%2Fv2%2Fcategories&post=452"},{"taxonomy":"post_tag","embeddable":true,"href":"http:\/\/www.idilo.fr\/index.php?rest_route=%2Fwp%2Fv2%2Ftags&post=452"}],"curies":[{"name":"wp","href":"https:\/\/api.w.org\/{rel}","templated":true}]}}