{"id":136,"date":"2013-01-03T16:42:07","date_gmt":"2013-01-03T15:42:07","guid":{"rendered":"http:\/\/www.idilo.fr\/?p=136"},"modified":"2013-01-03T17:17:12","modified_gmt":"2013-01-03T16:17:12","slug":"une-cape-douillette","status":"publish","type":"post","link":"http:\/\/www.idilo.fr\/?p=136","title":{"rendered":"Une cape douillette"},"content":{"rendered":"<p>La <a href=\"http:\/\/www.vanessapouzet.com\/en\/happycouture\/79-patron-de-la-cape-a-telecharger.html\" title=\"cape Vanessa Pouzet\">cape Vanessa Pouzet<\/a>. Elle a \u00e9t\u00e9 mise, mise et remise. Le v\u00eatement qui va longtemps, pratique en \u00e9t\u00e9 comme petite veste.<\/p>\n<p><a href=\"http:\/\/www.idilo.fr\/wp-content\/uploads\/2013\/01\/IMG_8691-small1.jpg\"><img loading=\"lazy\" style=\"border: 0pt none; margin: 0px;\" title=\"Cape Vanessa Pouzet\" src=\"http:\/\/www.idilo.fr\/wp-content\/uploads\/2013\/01\/IMG_8691-small1-1024x682.jpg\" alt=\"Cape Ah non pas elle\" width=\"584\" height=\"388\" \/><\/a><\/p>\n<p>Taille 1 \u00e0 2 ans, pas de col, avec capuche.<\/p>\n<p><a href=\"http:\/\/www.idilo.fr\/wp-content\/uploads\/2013\/01\/cape.jpg\"><img loading=\"lazy\" src=\"http:\/\/www.idilo.fr\/wp-content\/uploads\/2013\/01\/cape-1024x768.jpg\" alt=\"Cape tissu marin bleu ray\u00e9 blanc\" title=\"Cape tissu marin bleu ray\u00e9 blanc\" width=\"584\" height=\"438\" class=\"alignnone size-large wp-image-142\" srcset=\"http:\/\/www.idilo.fr\/wp-content\/uploads\/2013\/01\/cape-1024x768.jpg 1024w, http:\/\/www.idilo.fr\/wp-content\/uploads\/2013\/01\/cape-300x225.jpg 300w, http:\/\/www.idilo.fr\/wp-content\/uploads\/2013\/01\/cape-399x300.jpg 399w, http:\/\/www.idilo.fr\/wp-content\/uploads\/2013\/01\/cape.jpg 1706w\" sizes=\"(max-width: 584px) 100vw, 584px\" \/><\/a><\/p>\n<p>Jersey jaune moutarde du march\u00e9 St Michel, coton jaune \u00e0 pois Toto Tissus et merveille de tissu marin de <a href=\"http:\/\/www.vetement-marin-broderie.com\" title=\"http:\/\/www.vetement-marin-broderie.com\">http:\/\/www.vetement-marin-broderie.com<\/a> . <\/p>\n","protected":false},"excerpt":{"rendered":"<p>La cape Vanessa Pouzet. Elle a \u00e9t\u00e9 mise, mise et remise. Le v\u00eatement qui va longtemps, pratique en \u00e9t\u00e9 comme petite veste. Taille 1 \u00e0 2 ans, pas de col, avec capuche. Jersey jaune moutarde du march\u00e9 St Michel, coton jaune \u00e0 pois Toto Tissus et merveille de tissu marin de http:\/\/www.vetement-marin-broderie.com .<\/p>\n","protected":false},"author":1,"featured_media":0,"comment_status":"open","ping_status":"open","sticky":false,"template":"","format":"standard","meta":[],"categories":[25],"tags":[],"aioseo_notices":[],"_links":{"self":[{"href":"http:\/\/www.idilo.fr\/index.php?rest_route=\/wp\/v2\/posts\/136"}],"collection":[{"href":"http:\/\/www.idilo.fr\/index.php?rest_route=\/wp\/v2\/posts"}],"about":[{"href":"http:\/\/www.idilo.fr\/index.php?rest_route=\/wp\/v2\/types\/post"}],"author":[{"embeddable":true,"href":"http:\/\/www.idilo.fr\/index.php?rest_route=\/wp\/v2\/users\/1"}],"replies":[{"embeddable":true,"href":"http:\/\/www.idilo.fr\/index.php?rest_route=%2Fwp%2Fv2%2Fcomments&post=136"}],"version-history":[{"count":11,"href":"http:\/\/www.idilo.fr\/index.php?rest_route=\/wp\/v2\/posts\/136\/revisions"}],"predecessor-version":[{"id":150,"href":"http:\/\/www.idilo.fr\/index.php?rest_route=\/wp\/v2\/posts\/136\/revisions\/150"}],"wp:attachment":[{"href":"http:\/\/www.idilo.fr\/index.php?rest_route=%2Fwp%2Fv2%2Fmedia&parent=136"}],"wp:term":[{"taxonomy":"category","embeddable":true,"href":"http:\/\/www.idilo.fr\/index.php?rest_route=%2Fwp%2Fv2%2Fcategories&post=136"},{"taxonomy":"post_tag","embeddable":true,"href":"http:\/\/www.idilo.fr\/index.php?rest_route=%2Fwp%2Fv2%2Ftags&post=136"}],"curies":[{"name":"wp","href":"https:\/\/api.w.org\/{rel}","templated":true}]}}