{"id":1094,"date":"2013-12-08T17:25:53","date_gmt":"2013-12-08T16:25:53","guid":{"rendered":"http:\/\/www.idilo.fr\/?p=1094"},"modified":"2013-12-08T17:25:53","modified_gmt":"2013-12-08T16:25:53","slug":"le-manteau","status":"publish","type":"post","link":"http:\/\/www.idilo.fr\/?p=1094","title":{"rendered":"Le manteau !"},"content":{"rendered":"<p>Ah le manteau d&rsquo;hiver, une bonne chose de faite !<\/p>\n<p><a href=\"http:\/\/www.idilo.fr\/wp-content\/uploads\/2013\/12\/manteau-stylish-small.jpg\"><img loading=\"lazy\" src=\"http:\/\/www.idilo.fr\/wp-content\/uploads\/2013\/12\/manteau-stylish-small.jpg\" alt=\"manteau-stylish-small\" width=\"413\" height=\"620\" class=\"alignnone size-full wp-image-1097\" srcset=\"http:\/\/www.idilo.fr\/wp-content\/uploads\/2013\/12\/manteau-stylish-small.jpg 413w, http:\/\/www.idilo.fr\/wp-content\/uploads\/2013\/12\/manteau-stylish-small-199x300.jpg 199w\" sizes=\"(max-width: 413px) 100vw, 413px\" \/><\/a><\/p>\n<p><a href=\"http:\/\/www.idilo.fr\/wp-content\/uploads\/2013\/12\/manteau-laine-small.jpg\"><img loading=\"lazy\" src=\"http:\/\/www.idilo.fr\/wp-content\/uploads\/2013\/12\/manteau-laine-small.jpg\" alt=\"manteau-laine-small\" width=\"413\" height=\"620\" class=\"alignnone size-full wp-image-1098\" srcset=\"http:\/\/www.idilo.fr\/wp-content\/uploads\/2013\/12\/manteau-laine-small.jpg 413w, http:\/\/www.idilo.fr\/wp-content\/uploads\/2013\/12\/manteau-laine-small-199x300.jpg 199w\" sizes=\"(max-width: 413px) 100vw, 413px\" \/><\/a><\/p>\n<p><a href=\"http:\/\/www.idilo.fr\/wp-content\/uploads\/2013\/12\/manteau-dos-small.jpg\"><img loading=\"lazy\" src=\"http:\/\/www.idilo.fr\/wp-content\/uploads\/2013\/12\/manteau-dos-small.jpg\" alt=\"manteau-dos-small\" width=\"413\" height=\"620\" class=\"alignnone size-full wp-image-1105\" srcset=\"http:\/\/www.idilo.fr\/wp-content\/uploads\/2013\/12\/manteau-dos-small.jpg 413w, http:\/\/www.idilo.fr\/wp-content\/uploads\/2013\/12\/manteau-dos-small-199x300.jpg 199w\" sizes=\"(max-width: 413px) 100vw, 413px\" \/><\/a><\/p>\n<p><a href=\"http:\/\/www.idilo.fr\/wp-content\/uploads\/2013\/12\/manteau-jaunecoton-small.jpg\"><img loading=\"lazy\" src=\"http:\/\/www.idilo.fr\/wp-content\/uploads\/2013\/12\/manteau-jaunecoton-small.jpg\" alt=\"manteau-jaunecoton-small\" width=\"584\" height=\"438\" class=\"alignnone size-large wp-image-1108\" srcset=\"http:\/\/www.idilo.fr\/wp-content\/uploads\/2013\/12\/manteau-jaunecoton-small.jpg 620w, http:\/\/www.idilo.fr\/wp-content\/uploads\/2013\/12\/manteau-jaunecoton-small-300x225.jpg 300w, http:\/\/www.idilo.fr\/wp-content\/uploads\/2013\/12\/manteau-jaunecoton-small-400x300.jpg 400w\" sizes=\"(max-width: 584px) 100vw, 584px\" \/><\/a><\/p>\n<p><em><br \/>\n<strong>Mod\u00e8le Stylish Double Breasted Coat<br \/>\nPatron <a href=\"http:\/\/www.etsy.com\/fr\/shop\/dmkeasywear\" target=\"_blank\">Dear My Kids<\/a> sur Etsy<br \/>\nTaille 6T pour une preque 6 ans<\/strong><\/em><\/p>\n<p><a href=\"http:\/\/www.idilo.fr\/wp-content\/uploads\/2013\/12\/manteau-small.jpg\"><img loading=\"lazy\" src=\"http:\/\/www.idilo.fr\/wp-content\/uploads\/2013\/12\/manteau-small.jpg\" alt=\"manteau-small\" width=\"620\" height=\"413\" class=\"alignnone size-full wp-image-1096\" srcset=\"http:\/\/www.idilo.fr\/wp-content\/uploads\/2013\/12\/manteau-small.jpg 620w, http:\/\/www.idilo.fr\/wp-content\/uploads\/2013\/12\/manteau-small-300x199.jpg 300w, http:\/\/www.idilo.fr\/wp-content\/uploads\/2013\/12\/manteau-small-450x300.jpg 450w\" sizes=\"(max-width: 620px) 100vw, 620px\" \/><\/a><\/p>\n<p><a href=\"http:\/\/www.idilo.fr\/wp-content\/uploads\/2013\/12\/manteau-dearmykids-small.jpg\"><img loading=\"lazy\" src=\"http:\/\/www.idilo.fr\/wp-content\/uploads\/2013\/12\/manteau-dearmykids-small.jpg\" alt=\"manteau-dearmykids-small\" width=\"620\" height=\"413\" class=\"alignnone size-full wp-image-1099\" srcset=\"http:\/\/www.idilo.fr\/wp-content\/uploads\/2013\/12\/manteau-dearmykids-small.jpg 620w, http:\/\/www.idilo.fr\/wp-content\/uploads\/2013\/12\/manteau-dearmykids-small-300x199.jpg 300w, http:\/\/www.idilo.fr\/wp-content\/uploads\/2013\/12\/manteau-dearmykids-small-450x300.jpg 450w\" sizes=\"(max-width: 620px) 100vw, 620px\" \/><\/a><\/p>\n<p>Laine bouillie Diffus&rsquo;laine. Doublure en molleton turquoise de V\u00eatements Marin Broderie. Capuche ext\u00e9rieur liberty Mauvey et int\u00e9rieur jersey fin. Poches liberty et molleton.  Boutons La Droguerie.<\/p>\n<p>Inspiration totale chez <a href=\"http:\/\/pcommeplimplim.canalblog.com\/archives\/2013\/10\/24\/28280494.html#comments\" title=\"manteau de Pimplim\" target=\"_blank\">Pimplim<\/a>. Ajout de poches fendues et surtout d&rsquo;une capuche. Je voulais que la capuche puisse se cacher donc je l&rsquo;ai faite toute fine et j&rsquo;ai laiss\u00e9 une ouverture entre l&rsquo;ext\u00e9rieur et la doublure pour la cacher. Elle n&rsquo;est fix\u00e9e au manteau que sur une dixaine de centim\u00e8tres puis vient se pressionner devant. Mais finalement la capuche se met naturellement \u00e0 l&rsquo;int\u00e9rieur du manteau sans g\u00e9ner, donc j&rsquo;aurais pu \u00e9viter le trou pour la rentrer. Le patron de la capuche provient d&rsquo;un mod\u00e8le Ottobre 1\/2013.<\/p>\n<p>Le manteau est bien fait pour supporter les \u00e9paisseurs, il est bien coup\u00e9 et les emmanchures sont assez larges. Par contre la coupe fait que le froid rentre pas mal par le bas du manteau et pas le bas des manches. Il n&rsquo;est pas compliqu\u00e9, il lui manque juste aux explications les poches et la capuche !<\/p>\n","protected":false},"excerpt":{"rendered":"<p>Ah le manteau d&rsquo;hiver, une bonne chose de faite ! Mod\u00e8le Stylish Double Breasted Coat Patron Dear My Kids sur Etsy Taille 6T pour une preque 6 ans Laine bouillie Diffus&rsquo;laine. Doublure en molleton turquoise de V\u00eatements Marin Broderie. Capuche ext\u00e9rieur liberty Mauvey et int\u00e9rieur jersey fin. Poches liberty et molleton. Boutons La Droguerie. Inspiration &hellip;<\/p>\n<p class=\"read-more\"> <a class=\"\" href=\"http:\/\/www.idilo.fr\/?p=1094\"> <span class=\"screen-reader-text\">Le manteau !<\/span> Lire la suite\u00a0\u00bb<\/a><\/p>\n","protected":false},"author":1,"featured_media":0,"comment_status":"open","ping_status":"open","sticky":false,"template":"","format":"standard","meta":[],"categories":[25],"tags":[],"aioseo_notices":[],"_links":{"self":[{"href":"http:\/\/www.idilo.fr\/index.php?rest_route=\/wp\/v2\/posts\/1094"}],"collection":[{"href":"http:\/\/www.idilo.fr\/index.php?rest_route=\/wp\/v2\/posts"}],"about":[{"href":"http:\/\/www.idilo.fr\/index.php?rest_route=\/wp\/v2\/types\/post"}],"author":[{"embeddable":true,"href":"http:\/\/www.idilo.fr\/index.php?rest_route=\/wp\/v2\/users\/1"}],"replies":[{"embeddable":true,"href":"http:\/\/www.idilo.fr\/index.php?rest_route=%2Fwp%2Fv2%2Fcomments&post=1094"}],"version-history":[{"count":17,"href":"http:\/\/www.idilo.fr\/index.php?rest_route=\/wp\/v2\/posts\/1094\/revisions"}],"predecessor-version":[{"id":1120,"href":"http:\/\/www.idilo.fr\/index.php?rest_route=\/wp\/v2\/posts\/1094\/revisions\/1120"}],"wp:attachment":[{"href":"http:\/\/www.idilo.fr\/index.php?rest_route=%2Fwp%2Fv2%2Fmedia&parent=1094"}],"wp:term":[{"taxonomy":"category","embeddable":true,"href":"http:\/\/www.idilo.fr\/index.php?rest_route=%2Fwp%2Fv2%2Fcategories&post=1094"},{"taxonomy":"post_tag","embeddable":true,"href":"http:\/\/www.idilo.fr\/index.php?rest_route=%2Fwp%2Fv2%2Ftags&post=1094"}],"curies":[{"name":"wp","href":"https:\/\/api.w.org\/{rel}","templated":true}]}}