{"id":1068,"date":"2013-11-30T00:26:00","date_gmt":"2013-11-29T23:26:00","guid":{"rendered":"http:\/\/www.idilo.fr\/?p=1068"},"modified":"2013-11-30T00:30:36","modified_gmt":"2013-11-29T23:30:36","slug":"avant-apres-jean","status":"publish","type":"post","link":"http:\/\/www.idilo.fr\/?p=1068","title":{"rendered":"Avant-apr\u00e8s jean"},"content":{"rendered":"<p><a href=\"http:\/\/www.idilo.fr\/wp-content\/uploads\/2013\/11\/jean-avant-apres.jpg\"><img loading=\"lazy\" class=\"alignnone size-large wp-image-1069\" alt=\"jean-avant-apres\" src=\"http:\/\/www.idilo.fr\/wp-content\/uploads\/2013\/11\/jean-avant-apres-483x1024.jpg\" width=\"483\" height=\"1024\" srcset=\"http:\/\/www.idilo.fr\/wp-content\/uploads\/2013\/11\/jean-avant-apres-483x1024.jpg 483w, http:\/\/www.idilo.fr\/wp-content\/uploads\/2013\/11\/jean-avant-apres-141x300.jpg 141w\" sizes=\"(max-width: 483px) 100vw, 483px\" \/><\/a><\/p>\n<p>Une cousette qui traine depuis un bail, puiqu&rsquo;\u00e0 la base j&rsquo;\u00e9tais motiv\u00e9e par le d\u00e9fi recyclage des Serial d\u00e9fieuses (c&rsquo;\u00e9tait quand d\u00e9j\u00e0 ?). Bon pour moi, les jeans craquent au genou depuis toujours, et plus encore depuis que j&rsquo;ai des enfants. J&rsquo;ai accumul\u00e9 depuis que je sais coudre un bon tas de jeans en attente de recyclage. Et comme il faut deux jeans adulte trou\u00e9s pour faire un jean 6 ans, \u00e7a tombe tr\u00e8s bien \u00e7a fait de la place.<\/p>\n<p>Mod\u00e8le Summer Pull&rsquo;s on Ottobre 3\/2013 taille 116. Coupe slim sans fermeture \u00e9clair pratique et bien appropri\u00e9e au mod\u00e8le. Ceinture recycl\u00e9e sans re-couper.<\/p>\n<p>Et pour l&rsquo;accompagner, une petite tunique assez modifi\u00e9e par rapport au mod\u00e8le d&rsquo;origine.<\/p>\n<p><em><strong>Tunique Mini Prints<br \/>\nOttobre 4\/2013 mod\u00e8le 13<br \/>\nTaille 116 longueur modifi\u00e9e<br \/>\n<\/strong><\/em><br \/>\n<a href=\"http:\/\/www.idilo.fr\/wp-content\/uploads\/2013\/11\/IMG_2145-small.jpg\"><img loading=\"lazy\" class=\"alignnone size-full wp-image-1071\" alt=\"Tunique Mini Prints\" src=\"http:\/\/www.idilo.fr\/wp-content\/uploads\/2013\/11\/IMG_2145-small.jpg\" width=\"437\" height=\"620\" srcset=\"http:\/\/www.idilo.fr\/wp-content\/uploads\/2013\/11\/IMG_2145-small.jpg 437w, http:\/\/www.idilo.fr\/wp-content\/uploads\/2013\/11\/IMG_2145-small-211x300.jpg 211w\" sizes=\"(max-width: 437px) 100vw, 437px\" \/><\/a><\/p>\n<p>Un col \u00e9lastiqu\u00e9 me paraissait plus pratique, et plus rapide \u00e0 faire (il n&rsquo;y a plus la fente), et le petit croquet jaune m&rsquo;avait tap\u00e9 dans l&rsquo;oeil. Pas de poches, et manches allong\u00e9es.<\/p>\n<p>Le Liberty Fidgerald provient de la boutique Ebay de <a href=\"http:\/\/stores.ebay.fr\/katsfabrics\/\" title=\"Katsfabrics\" target=\"_blank\">Katsfabrics<\/a>, bon plan pour qui veut se l\u00e2cher sur le m\u00e9trage et qui sait manier l&rsquo;ench\u00e8re.<\/p>\n<p>&nbsp;<\/p>\n","protected":false},"excerpt":{"rendered":"<p>Une cousette qui traine depuis un bail, puiqu&rsquo;\u00e0 la base j&rsquo;\u00e9tais motiv\u00e9e par le d\u00e9fi recyclage des Serial d\u00e9fieuses (c&rsquo;\u00e9tait quand d\u00e9j\u00e0 ?). Bon pour moi, les jeans craquent au genou depuis toujours, et plus encore depuis que j&rsquo;ai des enfants. J&rsquo;ai accumul\u00e9 depuis que je sais coudre un bon tas de jeans en attente &hellip;<\/p>\n<p class=\"read-more\"> <a class=\"\" href=\"http:\/\/www.idilo.fr\/?p=1068\"> <span class=\"screen-reader-text\">Avant-apr\u00e8s jean<\/span> Lire la suite\u00a0\u00bb<\/a><\/p>\n","protected":false},"author":1,"featured_media":0,"comment_status":"open","ping_status":"open","sticky":false,"template":"","format":"standard","meta":[],"categories":[25],"tags":[],"aioseo_notices":[],"_links":{"self":[{"href":"http:\/\/www.idilo.fr\/index.php?rest_route=\/wp\/v2\/posts\/1068"}],"collection":[{"href":"http:\/\/www.idilo.fr\/index.php?rest_route=\/wp\/v2\/posts"}],"about":[{"href":"http:\/\/www.idilo.fr\/index.php?rest_route=\/wp\/v2\/types\/post"}],"author":[{"embeddable":true,"href":"http:\/\/www.idilo.fr\/index.php?rest_route=\/wp\/v2\/users\/1"}],"replies":[{"embeddable":true,"href":"http:\/\/www.idilo.fr\/index.php?rest_route=%2Fwp%2Fv2%2Fcomments&post=1068"}],"version-history":[{"count":16,"href":"http:\/\/www.idilo.fr\/index.php?rest_route=\/wp\/v2\/posts\/1068\/revisions"}],"predecessor-version":[{"id":1086,"href":"http:\/\/www.idilo.fr\/index.php?rest_route=\/wp\/v2\/posts\/1068\/revisions\/1086"}],"wp:attachment":[{"href":"http:\/\/www.idilo.fr\/index.php?rest_route=%2Fwp%2Fv2%2Fmedia&parent=1068"}],"wp:term":[{"taxonomy":"category","embeddable":true,"href":"http:\/\/www.idilo.fr\/index.php?rest_route=%2Fwp%2Fv2%2Fcategories&post=1068"},{"taxonomy":"post_tag","embeddable":true,"href":"http:\/\/www.idilo.fr\/index.php?rest_route=%2Fwp%2Fv2%2Ftags&post=1068"}],"curies":[{"name":"wp","href":"https:\/\/api.w.org\/{rel}","templated":true}]}}